{"id":38516,"date":"2020-04-29T21:44:41","date_gmt":"2020-04-29T19:44:41","guid":{"rendered":"https:\/\/s2a-photos.fr\/?p=38516"},"modified":"2020-05-10T23:45:50","modified_gmt":"2020-05-10T21:45:50","slug":"piratage-suite-et-fin","status":"publish","type":"post","link":"https:\/\/s2a-photos.fr\/index.php\/2020\/04\/29\/piratage-suite-et-fin\/","title":{"rendered":"Piratage, suite et fin !"},"content":{"rendered":"[et_pb_section fb_built=&#8221;1&#8243; admin_label=&#8221;section&#8221; _builder_version=&#8221;3.22&#8243;][et_pb_row admin_label=&#8221;row&#8221; _builder_version=&#8221;3.25&#8243; background_size=&#8221;initial&#8221; background_position=&#8221;top_left&#8221; background_repeat=&#8221;repeat&#8221;][et_pb_column type=&#8221;4_4&#8243; _builder_version=&#8221;3.25&#8243; custom_padding=&#8221;|||&#8221; custom_padding__hover=&#8221;|||&#8221;][et_pb_text admin_label=&#8221;Text&#8221; _builder_version=&#8221;4.4.6&#8243; text_font=&#8221;Cairo||||||||&#8221; text_font_size=&#8221;19px&#8221; background_size=&#8221;initial&#8221; background_position=&#8221;top_left&#8221; background_repeat=&#8221;repeat&#8221; hover_enabled=&#8221;0&#8243;]<p style=\"text-align: justify;\">\n<p style=\"text-align: justify;\"><img loading=\"lazy\" decoding=\"async\" src=\"https:\/\/s2a-photos.fr\/wp-content\/uploads\/2020\/05\/piratage-suite-et-fin-300x300.png\" alt=\"\" class=\"wp-image-64267 alignnone size-medium\" width=\"300\" height=\"300\" \/><\/p>\n<p style=\"text-align: justify;\">Pour en terminer avec l&#8217;histoire du piratage de mon site\u00a0 il y a une quinzaine de jours.<\/p>\n<p style=\"text-align: justify;\">Les cons\u00e9quences ont \u00e9t\u00e9 plut\u00f4t ennuyeuses car mon site vous amenez vers un site malveillant! Facebook et Instagram ont d\u00e9cid\u00e9 de blacklister le nom de domaine de leur plateforme. Il \u00e9tait impossible de partager ou m\u00eame de faire apparaitre le nom de S2A-Photos.fr !<\/p>\n<p style=\"text-align: justify;\"><\/p>\n<p style=\"text-align: justify;\">Du coup, je me suis fait harceler de notifications par les deux plateformes, car mon contact sur les r\u00e9seaux est mon mail PRO qui utilise SA-PHOTOS.FR ! Une histoire de dingue et bien sur impossible d&#8217;avoir qui que ce soit &#8230; La loi de MURPHY vous connaissez ?<\/p>\n<p style=\"text-align: justify;\"><\/p>\n<p style=\"text-align: justify;\">Donc apr\u00e8s 15 jours de mails et de messages en tous genres \u00e0 Facebook, j&#8217;ai \u00e9t\u00e9 d\u00e9bloqu\u00e9 hier soir ! Et ne me demandez pas comment et par qui, je n&#8217;en sais rien !<\/p>\n<p style=\"text-align: justify;\"><\/p>\n<p style=\"text-align: justify;\">Finalement la nouvelle mouture du site est en place, avec pas mal de nouveaut\u00e9s !<\/p>\n<p style=\"text-align: justify;\"><\/p>\n<p style=\"text-align: justify;\">Pour en revenir au site, je vais tacher de proposer une offre la plus compl\u00e8te possible, mise en place du blog o\u00f9 je parlerai de tout et de rien, peut \u00eatre des tutos, des id\u00e9es, vos id\u00e9es aussi parfois \u00e0 travers de ce blog . Je vais faire apparaitre des partenaires, des confr\u00e8res. Par ces temps difficiles de confinement et de maladie, je pense que l&#8217;entraide est une des cl\u00e9s pour nous tous. J&#8217;ai aussi pas mal d&#8217;id\u00e9es qui pourront plaire \u00e0 mes futurs mari\u00e9s 2021.<\/p>\n<p style=\"text-align: justify;\"><\/p>\n<p style=\"text-align: justify;\">On en reparle \ud83d\ude09<\/p>\n<p style=\"text-align: justify;\"><\/p>\n<p style=\"text-align: justify;\">A tr\u00e8s vite ici\u00a0 ou sur les r\u00e9seaux ..<\/p>\n<p style=\"text-align: justify;\"><\/p>\n<p style=\"text-align: justify;\"><\/p>\n<p style=\"text-align: justify;\"><\/p>\n<p style=\"text-align: justify;\">Bisous flashy les amis&#8230;&lt;3<\/p>\n<p><\/p>\n<p><\/p>\n<p><\/p>\n[\/et_pb_text][\/et_pb_column][\/et_pb_row][\/et_pb_section]","protected":false},"excerpt":{"rendered":"<p>Pour en terminer avec l&#8217;histoire du piratage de mon site\u00a0 il y a une quinzaine de jours. Les cons\u00e9quences ont \u00e9t\u00e9 plut\u00f4t ennuyeuses car mon site vous amenez vers un site malveillant! Facebook et Instagram ont d\u00e9cid\u00e9 de blacklister le nom de domaine de leur plateforme. Il \u00e9tait impossible de partager ou m\u00eame de faire [&hellip;]<\/p>\n","protected":false},"author":3,"featured_media":0,"comment_status":"open","ping_status":"closed","sticky":false,"template":"","format":"standard","meta":{"_et_pb_use_builder":"on","_et_pb_old_content":"<!-- wp:paragraph -->\n<p>Pour en terminer avec l'histoire du piratage de mon site , il y a une quinzaine de jours, les cons\u00e9quence ont \u00e9t\u00e9 plut\u00f4t ennuyeuses !  comme mon site vous amenez vers un site malveillant, Facebook et Instagram ont d\u00e9cid\u00e9 de le blacklister le nom de domaine de leur plateforme. Il \u00e9tait impossible de partager ou m\u00eame de faire apparaitre le le nom de S2A-Photos.fr !<\/p>\n<!-- \/wp:paragraph -->\n\n<!-- wp:paragraph -->\n<p>Du coup je me suis fait harceler de notifications par les deux plateformes, mon contact sur les r\u00e9seaux \u00e9tant mon mail PRO qui utilise SA-PHOTOS.FR ! Une histoire de dingue.. et bien sur impossible d'avoir qui que ce soit ... La loi de MURPHY vous connaissez ? <\/p>\n<!-- \/wp:paragraph -->\n\n<!-- wp:paragraph -->\n<p>Donc apr\u00e8s 15 jour de mails et de message en tout genre a Facebook, j'ai \u00e9t\u00e9 d\u00e9bloqu\u00e9 hier soir ! et ne me demandez pas comment,et par qui.. je n'en sait rien ! <\/p>\n<!-- \/wp:paragraph -->\n\n<!-- wp:paragraph -->\n<p>Finalement la nouvelle mouture du site est en place, avec pas mal de nouveaut\u00e9 !<\/p>\n<!-- \/wp:paragraph -->\n\n<!-- wp:paragraph -->\n<p>Pour en revenir au site, Je vais tacher de proposer une offre la plus compl\u00e8te possible, mise en place du blog ou je parlerai de tout, de rien peut \u00eatre des tutos, des id\u00e9es, vos id\u00e9es aussi parfois \u00e0 travers de ce blog . Je vais faire apparaitre des partenaires, des confr\u00e8res . par ces temps difficiles de confinement et de maladie je pense que l'entraide et une des cl\u00e9s pour nous tous.. J'ai aussi pas mal d'id\u00e9es qui pourront plaire \u00e0 mes futurs mari\u00e9s 2021<\/p>\n<!-- \/wp:paragraph -->\n\n<!-- wp:paragraph -->\n<p>On en reparle ;)<\/p>\n<!-- \/wp:paragraph -->\n\n<!-- wp:paragraph -->\n<p>A tr\u00e8s vite ici , ou sur les r\u00e9seaux ..<\/p>\n<!-- \/wp:paragraph -->\n\n<!-- wp:paragraph -->\n<p><\/p>\n<!-- \/wp:paragraph -->\n\n<!-- wp:paragraph -->\n<p>Bisous flashy les amis...&lt;3<\/p>\n<!-- \/wp:paragraph -->\n\n<!-- wp:paragraph -->\n<p><\/p>\n<!-- \/wp:paragraph -->","_et_gb_content_width":"","footnotes":""},"categories":[9],"tags":[],"post_folder":[],"class_list":["post-38516","post","type-post","status-publish","format-standard","hentry","category-site-s2a-photos-blog"],"yoast_head":"<!-- This site is optimized with the Yoast SEO plugin v27.4 - https:\/\/yoast.com\/product\/yoast-seo-wordpress\/ -->\n<title>Piratage, suite et fin ! | S2a-photos.fr | Montpellier<\/title>\n<meta name=\"description\" content=\"photographe | photographie de mariage | t\u00e9l\u00e9pilote de drone | photo | corporate | photographe montpellier | portrait | casting |pola | photos de studio\" \/>\n<meta name=\"robots\" content=\"index, follow, max-snippet:-1, max-image-preview:large, max-video-preview:-1\" \/>\n<link rel=\"canonical\" href=\"https:\/\/s2a-photos.fr\/index.php\/2020\/04\/29\/piratage-suite-et-fin\/\" \/>\n<meta property=\"og:locale\" content=\"fr_FR\" \/>\n<meta property=\"og:type\" content=\"article\" \/>\n<meta property=\"og:title\" content=\"Piratage, suite et fin ! | S2a-photos.fr | Montpellier\" \/>\n<meta property=\"og:description\" content=\"photographe | photographie de mariage | t\u00e9l\u00e9pilote de drone | photo | corporate | photographe montpellier | portrait | casting |pola | photos de studio\" \/>\n<meta property=\"og:url\" content=\"https:\/\/s2a-photos.fr\/index.php\/2020\/04\/29\/piratage-suite-et-fin\/\" \/>\n<meta property=\"og:site_name\" content=\"S2a-photos.fr\" \/>\n<meta property=\"article:publisher\" content=\"https:\/\/www.facebook.com\/S2aphoto\/\" \/>\n<meta property=\"article:published_time\" content=\"2020-04-29T19:44:41+00:00\" \/>\n<meta property=\"article:modified_time\" content=\"2020-05-10T21:45:50+00:00\" \/>\n<meta property=\"og:image\" content=\"https:\/\/s2a-photos.fr\/wp-content\/uploads\/2020\/05\/piratage-suite-et-fin-300x300.png\" \/>\n<meta name=\"author\" content=\"Seb\" \/>\n<meta name=\"twitter:card\" content=\"summary_large_image\" \/>\n<meta name=\"twitter:creator\" content=\"@S2aPhotos\" \/>\n<meta name=\"twitter:site\" content=\"@S2aPhotos\" \/>\n<meta name=\"twitter:label1\" content=\"\u00c9crit par\" \/>\n\t<meta name=\"twitter:data1\" content=\"Seb\" \/>\n\t<meta name=\"twitter:label2\" content=\"Dur\u00e9e de lecture estim\u00e9e\" \/>\n\t<meta name=\"twitter:data2\" content=\"2 minutes\" \/>\n<script type=\"application\/ld+json\" class=\"yoast-schema-graph\">{\"@context\":\"https:\\\/\\\/schema.org\",\"@graph\":[{\"@type\":\"Article\",\"@id\":\"https:\\\/\\\/s2a-photos.fr\\\/index.php\\\/2020\\\/04\\\/29\\\/piratage-suite-et-fin\\\/#article\",\"isPartOf\":{\"@id\":\"https:\\\/\\\/s2a-photos.fr\\\/index.php\\\/2020\\\/04\\\/29\\\/piratage-suite-et-fin\\\/\"},\"author\":{\"name\":\"Seb\",\"@id\":\"https:\\\/\\\/s2a-photos.fr\\\/#\\\/schema\\\/person\\\/5f3fa1b5dd9da6bf7087272f56b84276\"},\"headline\":\"Piratage, suite et fin !\",\"datePublished\":\"2020-04-29T19:44:41+00:00\",\"dateModified\":\"2020-05-10T21:45:50+00:00\",\"mainEntityOfPage\":{\"@id\":\"https:\\\/\\\/s2a-photos.fr\\\/index.php\\\/2020\\\/04\\\/29\\\/piratage-suite-et-fin\\\/\"},\"wordCount\":349,\"commentCount\":0,\"publisher\":{\"@id\":\"https:\\\/\\\/s2a-photos.fr\\\/#organization\"},\"image\":{\"@id\":\"https:\\\/\\\/s2a-photos.fr\\\/index.php\\\/2020\\\/04\\\/29\\\/piratage-suite-et-fin\\\/#primaryimage\"},\"thumbnailUrl\":\"https:\\\/\\\/s2a-photos.fr\\\/wp-content\\\/uploads\\\/2020\\\/05\\\/piratage-suite-et-fin-300x300.png\",\"articleSection\":[\"Vie du site\"],\"inLanguage\":\"fr-FR\",\"potentialAction\":[{\"@type\":\"CommentAction\",\"name\":\"Comment\",\"target\":[\"https:\\\/\\\/s2a-photos.fr\\\/index.php\\\/2020\\\/04\\\/29\\\/piratage-suite-et-fin\\\/#respond\"]}]},{\"@type\":\"WebPage\",\"@id\":\"https:\\\/\\\/s2a-photos.fr\\\/index.php\\\/2020\\\/04\\\/29\\\/piratage-suite-et-fin\\\/\",\"url\":\"https:\\\/\\\/s2a-photos.fr\\\/index.php\\\/2020\\\/04\\\/29\\\/piratage-suite-et-fin\\\/\",\"name\":\"Piratage, suite et fin ! | S2a-photos.fr | Montpellier\",\"isPartOf\":{\"@id\":\"https:\\\/\\\/s2a-photos.fr\\\/#website\"},\"primaryImageOfPage\":{\"@id\":\"https:\\\/\\\/s2a-photos.fr\\\/index.php\\\/2020\\\/04\\\/29\\\/piratage-suite-et-fin\\\/#primaryimage\"},\"image\":{\"@id\":\"https:\\\/\\\/s2a-photos.fr\\\/index.php\\\/2020\\\/04\\\/29\\\/piratage-suite-et-fin\\\/#primaryimage\"},\"thumbnailUrl\":\"https:\\\/\\\/s2a-photos.fr\\\/wp-content\\\/uploads\\\/2020\\\/05\\\/piratage-suite-et-fin-300x300.png\",\"datePublished\":\"2020-04-29T19:44:41+00:00\",\"dateModified\":\"2020-05-10T21:45:50+00:00\",\"description\":\"photographe | photographie de mariage | t\u00e9l\u00e9pilote de drone | photo | corporate | photographe montpellier | portrait | casting |pola | photos de studio\",\"breadcrumb\":{\"@id\":\"https:\\\/\\\/s2a-photos.fr\\\/index.php\\\/2020\\\/04\\\/29\\\/piratage-suite-et-fin\\\/#breadcrumb\"},\"inLanguage\":\"fr-FR\",\"potentialAction\":[{\"@type\":\"ReadAction\",\"target\":[\"https:\\\/\\\/s2a-photos.fr\\\/index.php\\\/2020\\\/04\\\/29\\\/piratage-suite-et-fin\\\/\"]}]},{\"@type\":\"ImageObject\",\"inLanguage\":\"fr-FR\",\"@id\":\"https:\\\/\\\/s2a-photos.fr\\\/index.php\\\/2020\\\/04\\\/29\\\/piratage-suite-et-fin\\\/#primaryimage\",\"url\":\"https:\\\/\\\/s2a-photos.fr\\\/wp-content\\\/uploads\\\/2020\\\/05\\\/piratage-suite-et-fin.png\",\"contentUrl\":\"https:\\\/\\\/s2a-photos.fr\\\/wp-content\\\/uploads\\\/2020\\\/05\\\/piratage-suite-et-fin.png\",\"width\":1080,\"height\":1080},{\"@type\":\"BreadcrumbList\",\"@id\":\"https:\\\/\\\/s2a-photos.fr\\\/index.php\\\/2020\\\/04\\\/29\\\/piratage-suite-et-fin\\\/#breadcrumb\",\"itemListElement\":[{\"@type\":\"ListItem\",\"position\":1,\"name\":\"Accueil\",\"item\":\"https:\\\/\\\/s2a-photos.fr\\\/\"},{\"@type\":\"ListItem\",\"position\":2,\"name\":\"Piratage, suite et fin !\"}]},{\"@type\":\"WebSite\",\"@id\":\"https:\\\/\\\/s2a-photos.fr\\\/#website\",\"url\":\"https:\\\/\\\/s2a-photos.fr\\\/\",\"name\":\"S2a-photos.fr\",\"description\":\"votre photographe et bien plus !\",\"publisher\":{\"@id\":\"https:\\\/\\\/s2a-photos.fr\\\/#organization\"},\"alternateName\":\"s2aphotos\",\"potentialAction\":[{\"@type\":\"SearchAction\",\"target\":{\"@type\":\"EntryPoint\",\"urlTemplate\":\"https:\\\/\\\/s2a-photos.fr\\\/?s={search_term_string}\"},\"query-input\":{\"@type\":\"PropertyValueSpecification\",\"valueRequired\":true,\"valueName\":\"search_term_string\"}}],\"inLanguage\":\"fr-FR\"},{\"@type\":\"Organization\",\"@id\":\"https:\\\/\\\/s2a-photos.fr\\\/#organization\",\"name\":\"s2a-photos.fr\",\"alternateName\":\"sebastien sechinffon\",\"url\":\"https:\\\/\\\/s2a-photos.fr\\\/\",\"logo\":{\"@type\":\"ImageObject\",\"inLanguage\":\"fr-FR\",\"@id\":\"https:\\\/\\\/s2a-photos.fr\\\/#\\\/schema\\\/logo\\\/image\\\/\",\"url\":\"https:\\\/\\\/s2a-photos.fr\\\/wp-content\\\/uploads\\\/2020\\\/06\\\/S2a-photos-Noir-fond-blanc-carr\u00e9.png\",\"contentUrl\":\"https:\\\/\\\/s2a-photos.fr\\\/wp-content\\\/uploads\\\/2020\\\/06\\\/S2a-photos-Noir-fond-blanc-carr\u00e9.png\",\"width\":1240,\"height\":1240,\"caption\":\"s2a-photos.fr\"},\"image\":{\"@id\":\"https:\\\/\\\/s2a-photos.fr\\\/#\\\/schema\\\/logo\\\/image\\\/\"},\"sameAs\":[\"https:\\\/\\\/www.facebook.com\\\/S2aphoto\\\/\",\"https:\\\/\\\/x.com\\\/S2aPhotos\",\"https:\\\/\\\/www.instagram.com\\\/s2a_photos\\\/\",\"https:\\\/\\\/www.linkedin.com\\\/company\\\/s2a-photos\\\/\",\"https:\\\/\\\/www.pinterest.fr\\\/S2aphotos\",\"https:\\\/\\\/www.youtube.com\\\/channel\\\/UC_Oqi-Vvln3XzZWCcEPTbYg\"]},{\"@type\":\"Person\",\"@id\":\"https:\\\/\\\/s2a-photos.fr\\\/#\\\/schema\\\/person\\\/5f3fa1b5dd9da6bf7087272f56b84276\",\"name\":\"Seb\",\"image\":{\"@type\":\"ImageObject\",\"inLanguage\":\"fr-FR\",\"@id\":\"https:\\\/\\\/secure.gravatar.com\\\/avatar\\\/1c0243dc2817b405400d6fc936c1eb35d7f2c6da37e49ea823bacd51e6fac26a?s=96&d=mm&r=g\",\"url\":\"https:\\\/\\\/secure.gravatar.com\\\/avatar\\\/1c0243dc2817b405400d6fc936c1eb35d7f2c6da37e49ea823bacd51e6fac26a?s=96&d=mm&r=g\",\"contentUrl\":\"https:\\\/\\\/secure.gravatar.com\\\/avatar\\\/1c0243dc2817b405400d6fc936c1eb35d7f2c6da37e49ea823bacd51e6fac26a?s=96&d=mm&r=g\",\"caption\":\"Seb\"},\"sameAs\":[\"https:\\\/\\\/s2a-photos.fr\"]}]}<\/script>\n<!-- \/ Yoast SEO plugin. -->","yoast_head_json":{"title":"Piratage, suite et fin ! | S2a-photos.fr | Montpellier","description":"photographe | photographie de mariage | t\u00e9l\u00e9pilote de drone | photo | corporate | photographe montpellier | portrait | casting |pola | photos de studio","robots":{"index":"index","follow":"follow","max-snippet":"max-snippet:-1","max-image-preview":"max-image-preview:large","max-video-preview":"max-video-preview:-1"},"canonical":"https:\/\/s2a-photos.fr\/index.php\/2020\/04\/29\/piratage-suite-et-fin\/","og_locale":"fr_FR","og_type":"article","og_title":"Piratage, suite et fin ! | S2a-photos.fr | Montpellier","og_description":"photographe | photographie de mariage | t\u00e9l\u00e9pilote de drone | photo | corporate | photographe montpellier | portrait | casting |pola | photos de studio","og_url":"https:\/\/s2a-photos.fr\/index.php\/2020\/04\/29\/piratage-suite-et-fin\/","og_site_name":"S2a-photos.fr","article_publisher":"https:\/\/www.facebook.com\/S2aphoto\/","article_published_time":"2020-04-29T19:44:41+00:00","article_modified_time":"2020-05-10T21:45:50+00:00","og_image":[{"url":"https:\/\/s2a-photos.fr\/wp-content\/uploads\/2020\/05\/piratage-suite-et-fin-300x300.png","type":"","width":"","height":""}],"author":"Seb","twitter_card":"summary_large_image","twitter_creator":"@S2aPhotos","twitter_site":"@S2aPhotos","twitter_misc":{"\u00c9crit par":"Seb","Dur\u00e9e de lecture estim\u00e9e":"2 minutes"},"schema":{"@context":"https:\/\/schema.org","@graph":[{"@type":"Article","@id":"https:\/\/s2a-photos.fr\/index.php\/2020\/04\/29\/piratage-suite-et-fin\/#article","isPartOf":{"@id":"https:\/\/s2a-photos.fr\/index.php\/2020\/04\/29\/piratage-suite-et-fin\/"},"author":{"name":"Seb","@id":"https:\/\/s2a-photos.fr\/#\/schema\/person\/5f3fa1b5dd9da6bf7087272f56b84276"},"headline":"Piratage, suite et fin !","datePublished":"2020-04-29T19:44:41+00:00","dateModified":"2020-05-10T21:45:50+00:00","mainEntityOfPage":{"@id":"https:\/\/s2a-photos.fr\/index.php\/2020\/04\/29\/piratage-suite-et-fin\/"},"wordCount":349,"commentCount":0,"publisher":{"@id":"https:\/\/s2a-photos.fr\/#organization"},"image":{"@id":"https:\/\/s2a-photos.fr\/index.php\/2020\/04\/29\/piratage-suite-et-fin\/#primaryimage"},"thumbnailUrl":"https:\/\/s2a-photos.fr\/wp-content\/uploads\/2020\/05\/piratage-suite-et-fin-300x300.png","articleSection":["Vie du site"],"inLanguage":"fr-FR","potentialAction":[{"@type":"CommentAction","name":"Comment","target":["https:\/\/s2a-photos.fr\/index.php\/2020\/04\/29\/piratage-suite-et-fin\/#respond"]}]},{"@type":"WebPage","@id":"https:\/\/s2a-photos.fr\/index.php\/2020\/04\/29\/piratage-suite-et-fin\/","url":"https:\/\/s2a-photos.fr\/index.php\/2020\/04\/29\/piratage-suite-et-fin\/","name":"Piratage, suite et fin ! | S2a-photos.fr | Montpellier","isPartOf":{"@id":"https:\/\/s2a-photos.fr\/#website"},"primaryImageOfPage":{"@id":"https:\/\/s2a-photos.fr\/index.php\/2020\/04\/29\/piratage-suite-et-fin\/#primaryimage"},"image":{"@id":"https:\/\/s2a-photos.fr\/index.php\/2020\/04\/29\/piratage-suite-et-fin\/#primaryimage"},"thumbnailUrl":"https:\/\/s2a-photos.fr\/wp-content\/uploads\/2020\/05\/piratage-suite-et-fin-300x300.png","datePublished":"2020-04-29T19:44:41+00:00","dateModified":"2020-05-10T21:45:50+00:00","description":"photographe | photographie de mariage | t\u00e9l\u00e9pilote de drone | photo | corporate | photographe montpellier | portrait | casting |pola | photos de studio","breadcrumb":{"@id":"https:\/\/s2a-photos.fr\/index.php\/2020\/04\/29\/piratage-suite-et-fin\/#breadcrumb"},"inLanguage":"fr-FR","potentialAction":[{"@type":"ReadAction","target":["https:\/\/s2a-photos.fr\/index.php\/2020\/04\/29\/piratage-suite-et-fin\/"]}]},{"@type":"ImageObject","inLanguage":"fr-FR","@id":"https:\/\/s2a-photos.fr\/index.php\/2020\/04\/29\/piratage-suite-et-fin\/#primaryimage","url":"https:\/\/s2a-photos.fr\/wp-content\/uploads\/2020\/05\/piratage-suite-et-fin.png","contentUrl":"https:\/\/s2a-photos.fr\/wp-content\/uploads\/2020\/05\/piratage-suite-et-fin.png","width":1080,"height":1080},{"@type":"BreadcrumbList","@id":"https:\/\/s2a-photos.fr\/index.php\/2020\/04\/29\/piratage-suite-et-fin\/#breadcrumb","itemListElement":[{"@type":"ListItem","position":1,"name":"Accueil","item":"https:\/\/s2a-photos.fr\/"},{"@type":"ListItem","position":2,"name":"Piratage, suite et fin !"}]},{"@type":"WebSite","@id":"https:\/\/s2a-photos.fr\/#website","url":"https:\/\/s2a-photos.fr\/","name":"S2a-photos.fr","description":"votre photographe et bien plus !","publisher":{"@id":"https:\/\/s2a-photos.fr\/#organization"},"alternateName":"s2aphotos","potentialAction":[{"@type":"SearchAction","target":{"@type":"EntryPoint","urlTemplate":"https:\/\/s2a-photos.fr\/?s={search_term_string}"},"query-input":{"@type":"PropertyValueSpecification","valueRequired":true,"valueName":"search_term_string"}}],"inLanguage":"fr-FR"},{"@type":"Organization","@id":"https:\/\/s2a-photos.fr\/#organization","name":"s2a-photos.fr","alternateName":"sebastien sechinffon","url":"https:\/\/s2a-photos.fr\/","logo":{"@type":"ImageObject","inLanguage":"fr-FR","@id":"https:\/\/s2a-photos.fr\/#\/schema\/logo\/image\/","url":"https:\/\/s2a-photos.fr\/wp-content\/uploads\/2020\/06\/S2a-photos-Noir-fond-blanc-carr\u00e9.png","contentUrl":"https:\/\/s2a-photos.fr\/wp-content\/uploads\/2020\/06\/S2a-photos-Noir-fond-blanc-carr\u00e9.png","width":1240,"height":1240,"caption":"s2a-photos.fr"},"image":{"@id":"https:\/\/s2a-photos.fr\/#\/schema\/logo\/image\/"},"sameAs":["https:\/\/www.facebook.com\/S2aphoto\/","https:\/\/x.com\/S2aPhotos","https:\/\/www.instagram.com\/s2a_photos\/","https:\/\/www.linkedin.com\/company\/s2a-photos\/","https:\/\/www.pinterest.fr\/S2aphotos","https:\/\/www.youtube.com\/channel\/UC_Oqi-Vvln3XzZWCcEPTbYg"]},{"@type":"Person","@id":"https:\/\/s2a-photos.fr\/#\/schema\/person\/5f3fa1b5dd9da6bf7087272f56b84276","name":"Seb","image":{"@type":"ImageObject","inLanguage":"fr-FR","@id":"https:\/\/secure.gravatar.com\/avatar\/1c0243dc2817b405400d6fc936c1eb35d7f2c6da37e49ea823bacd51e6fac26a?s=96&d=mm&r=g","url":"https:\/\/secure.gravatar.com\/avatar\/1c0243dc2817b405400d6fc936c1eb35d7f2c6da37e49ea823bacd51e6fac26a?s=96&d=mm&r=g","contentUrl":"https:\/\/secure.gravatar.com\/avatar\/1c0243dc2817b405400d6fc936c1eb35d7f2c6da37e49ea823bacd51e6fac26a?s=96&d=mm&r=g","caption":"Seb"},"sameAs":["https:\/\/s2a-photos.fr"]}]}},"_links":{"self":[{"href":"https:\/\/s2a-photos.fr\/index.php\/wp-json\/wp\/v2\/posts\/38516","targetHints":{"allow":["GET"]}}],"collection":[{"href":"https:\/\/s2a-photos.fr\/index.php\/wp-json\/wp\/v2\/posts"}],"about":[{"href":"https:\/\/s2a-photos.fr\/index.php\/wp-json\/wp\/v2\/types\/post"}],"author":[{"embeddable":true,"href":"https:\/\/s2a-photos.fr\/index.php\/wp-json\/wp\/v2\/users\/3"}],"replies":[{"embeddable":true,"href":"https:\/\/s2a-photos.fr\/index.php\/wp-json\/wp\/v2\/comments?post=38516"}],"version-history":[{"count":0,"href":"https:\/\/s2a-photos.fr\/index.php\/wp-json\/wp\/v2\/posts\/38516\/revisions"}],"wp:attachment":[{"href":"https:\/\/s2a-photos.fr\/index.php\/wp-json\/wp\/v2\/media?parent=38516"}],"wp:term":[{"taxonomy":"category","embeddable":true,"href":"https:\/\/s2a-photos.fr\/index.php\/wp-json\/wp\/v2\/categories?post=38516"},{"taxonomy":"post_tag","embeddable":true,"href":"https:\/\/s2a-photos.fr\/index.php\/wp-json\/wp\/v2\/tags?post=38516"},{"taxonomy":"post_folder","embeddable":true,"href":"https:\/\/s2a-photos.fr\/index.php\/wp-json\/wp\/v2\/post_folder?post=38516"}],"curies":[{"name":"wp","href":"https:\/\/api.w.org\/{rel}","templated":true}]}}