{"id":31447,"date":"2020-04-22T18:00:17","date_gmt":"2020-04-22T16:00:17","guid":{"rendered":"https:\/\/s2a-photos.fr\/?p=31447"},"modified":"2020-11-20T19:11:13","modified_gmt":"2020-11-20T18:11:13","slug":"confinement-et-site-en-marche","status":"publish","type":"post","link":"https:\/\/s2a-photos.fr\/index.php\/2020\/04\/22\/confinement-et-site-en-marche\/","title":{"rendered":"confinement et site en marche"},"content":{"rendered":"\n[et_pb_section fb_built=&#8221;1&#8243; _builder_version=&#8221;4.4.3&#8243; min_height=&#8221;374px&#8221;][et_pb_row _builder_version=&#8221;4.4.6&#8243; custom_padding=&#8221;0px|||||&#8221; hover_enabled=&#8221;0&#8243;][et_pb_column type=&#8221;4_4&#8243; _builder_version=&#8221;4.4.3&#8243;][et_pb_text _builder_version=&#8221;4.4.6&#8243; text_font_size=&#8221;22px&#8221; text_line_height=&#8221;1.1em&#8221; text_orientation=&#8221;justified&#8221; width=&#8221;100%&#8221; max_width=&#8221;100%&#8221; hover_enabled=&#8221;0&#8243;]<p style=\"text-align: center;\">\n<p><img loading=\"lazy\" decoding=\"async\" src=\"https:\/\/s2a-photos.fr\/wp-content\/uploads\/2020\/05\/Capture-1-300x139.jpg\" alt=\"\" class=\"wp-image-64468 alignnone size-medium\" style=\"display: block; margin-left: auto; margin-right: auto;\" width=\"355\" height=\"165\" \/><\/p>\n<p>&nbsp;<\/p>\n<p>Confinement , Ouaihh cool !!<\/p>\n<p>finalement le confinement et le piratage n&#8217;aurons pas au qu&#8217;un impact n\u00e9gatif le sites est plut\u00f4t pas mal ! Je suis \u00e9paul\u00e9 par ma ch\u00e9rie \u00e0 temps perdu et elle commence a toucher grave a WP.<\/p>\n<p>Nous avons fait apparaitre 3 pages de plus .. Il reste encore quelque une \u00e0 faire, \u00e7a va \u00eatre plut\u00f4t cool. On s&#8217;\u00e9clate comme on peut avant d&#8217;aller bosser, mais bon c&#8217;est pas encore pour demain \ud83d\ude41<\/p>\n<p>sinon je suis encore bloqu\u00e9 sur Facebook alors question visibilit\u00e9 c&#8217;est pas encore \u00e7a !<\/p>\n<p>mais on y crois, on ne lache rien !<\/p>\n<p>Bisous flashy les amis ..<\/p>\n[\/et_pb_text][\/et_pb_column][\/et_pb_row][\/et_pb_section]\n","protected":false},"excerpt":{"rendered":"<p>&nbsp; Confinement , Ouaihh cool !! finalement le confinement et le piratage n&#8217;aurons pas au qu&#8217;un impact n\u00e9gatif le sites est plut\u00f4t pas mal ! Je suis \u00e9paul\u00e9 par ma ch\u00e9rie \u00e0 temps perdu et elle commence a toucher grave a WP. Nous avons fait apparaitre 3 pages de plus .. Il reste encore quelque [&hellip;]<\/p>\n","protected":false},"author":3,"featured_media":0,"comment_status":"open","ping_status":"closed","sticky":false,"template":"","format":"standard","meta":{"_et_pb_use_builder":"on","_et_pb_old_content":"","_et_gb_content_width":"","footnotes":""},"categories":[9],"tags":[],"post_folder":[],"class_list":["post-31447","post","type-post","status-publish","format-standard","hentry","category-site-s2a-photos-blog"],"yoast_head":"<!-- This site is optimized with the Yoast SEO plugin v27.4 - https:\/\/yoast.com\/product\/yoast-seo-wordpress\/ -->\n<title>confinement et site en marche : d\u00e9couvrez nos offres<\/title>\n<meta name=\"description\" content=\"notre nouveau site est en fonction, venez vite d\u00e9couvrir nos offres ! de la photographie de Mariage au portrait ou pour votre entreprise\" \/>\n<meta name=\"robots\" content=\"index, follow, max-snippet:-1, max-image-preview:large, max-video-preview:-1\" \/>\n<link rel=\"canonical\" href=\"https:\/\/s2a-photos.fr\/index.php\/2020\/04\/22\/confinement-et-site-en-marche\/\" \/>\n<meta property=\"og:locale\" content=\"fr_FR\" \/>\n<meta property=\"og:type\" content=\"article\" \/>\n<meta property=\"og:title\" content=\"confinement et site en marche : d\u00e9couvrez nos offres\" \/>\n<meta property=\"og:description\" content=\"notre nouveau site est en fonction, venez vite d\u00e9couvrir nos offres ! de la photographie de Mariage au portrait ou pour votre entreprise\" \/>\n<meta property=\"og:url\" content=\"https:\/\/s2a-photos.fr\/index.php\/2020\/04\/22\/confinement-et-site-en-marche\/\" \/>\n<meta property=\"og:site_name\" content=\"S2a-photos.fr\" \/>\n<meta property=\"article:publisher\" content=\"https:\/\/www.facebook.com\/S2aphoto\/\" \/>\n<meta property=\"article:published_time\" content=\"2020-04-22T16:00:17+00:00\" \/>\n<meta property=\"article:modified_time\" content=\"2020-11-20T18:11:13+00:00\" \/>\n<meta property=\"og:image\" content=\"https:\/\/s2a-photos.fr\/wp-content\/uploads\/2020\/05\/Capture-1-300x139.jpg\" \/>\n<meta name=\"author\" content=\"Seb\" \/>\n<meta name=\"twitter:card\" content=\"summary_large_image\" \/>\n<meta name=\"twitter:creator\" content=\"@S2aPhotos\" \/>\n<meta name=\"twitter:site\" content=\"@S2aPhotos\" \/>\n<meta name=\"twitter:label1\" content=\"\u00c9crit par\" \/>\n\t<meta name=\"twitter:data1\" content=\"Seb\" \/>\n\t<meta name=\"twitter:label2\" content=\"Dur\u00e9e de lecture estim\u00e9e\" \/>\n\t<meta name=\"twitter:data2\" content=\"1 minute\" \/>\n<script type=\"application\/ld+json\" class=\"yoast-schema-graph\">{\"@context\":\"https:\\\/\\\/schema.org\",\"@graph\":[{\"@type\":\"Article\",\"@id\":\"https:\\\/\\\/s2a-photos.fr\\\/index.php\\\/2020\\\/04\\\/22\\\/confinement-et-site-en-marche\\\/#article\",\"isPartOf\":{\"@id\":\"https:\\\/\\\/s2a-photos.fr\\\/index.php\\\/2020\\\/04\\\/22\\\/confinement-et-site-en-marche\\\/\"},\"author\":{\"name\":\"Seb\",\"@id\":\"https:\\\/\\\/s2a-photos.fr\\\/#\\\/schema\\\/person\\\/5f3fa1b5dd9da6bf7087272f56b84276\"},\"headline\":\"confinement et site en marche\",\"datePublished\":\"2020-04-22T16:00:17+00:00\",\"dateModified\":\"2020-11-20T18:11:13+00:00\",\"mainEntityOfPage\":{\"@id\":\"https:\\\/\\\/s2a-photos.fr\\\/index.php\\\/2020\\\/04\\\/22\\\/confinement-et-site-en-marche\\\/\"},\"wordCount\":166,\"commentCount\":0,\"publisher\":{\"@id\":\"https:\\\/\\\/s2a-photos.fr\\\/#organization\"},\"image\":{\"@id\":\"https:\\\/\\\/s2a-photos.fr\\\/index.php\\\/2020\\\/04\\\/22\\\/confinement-et-site-en-marche\\\/#primaryimage\"},\"thumbnailUrl\":\"https:\\\/\\\/s2a-photos.fr\\\/wp-content\\\/uploads\\\/2020\\\/05\\\/Capture-1-300x139.jpg\",\"articleSection\":[\"Vie du site\"],\"inLanguage\":\"fr-FR\",\"potentialAction\":[{\"@type\":\"CommentAction\",\"name\":\"Comment\",\"target\":[\"https:\\\/\\\/s2a-photos.fr\\\/index.php\\\/2020\\\/04\\\/22\\\/confinement-et-site-en-marche\\\/#respond\"]}]},{\"@type\":\"WebPage\",\"@id\":\"https:\\\/\\\/s2a-photos.fr\\\/index.php\\\/2020\\\/04\\\/22\\\/confinement-et-site-en-marche\\\/\",\"url\":\"https:\\\/\\\/s2a-photos.fr\\\/index.php\\\/2020\\\/04\\\/22\\\/confinement-et-site-en-marche\\\/\",\"name\":\"confinement et site en marche : d\u00e9couvrez nos offres\",\"isPartOf\":{\"@id\":\"https:\\\/\\\/s2a-photos.fr\\\/#website\"},\"primaryImageOfPage\":{\"@id\":\"https:\\\/\\\/s2a-photos.fr\\\/index.php\\\/2020\\\/04\\\/22\\\/confinement-et-site-en-marche\\\/#primaryimage\"},\"image\":{\"@id\":\"https:\\\/\\\/s2a-photos.fr\\\/index.php\\\/2020\\\/04\\\/22\\\/confinement-et-site-en-marche\\\/#primaryimage\"},\"thumbnailUrl\":\"https:\\\/\\\/s2a-photos.fr\\\/wp-content\\\/uploads\\\/2020\\\/05\\\/Capture-1-300x139.jpg\",\"datePublished\":\"2020-04-22T16:00:17+00:00\",\"dateModified\":\"2020-11-20T18:11:13+00:00\",\"description\":\"notre nouveau site est en fonction, venez vite d\u00e9couvrir nos offres ! de la photographie de Mariage au portrait ou pour votre entreprise\",\"breadcrumb\":{\"@id\":\"https:\\\/\\\/s2a-photos.fr\\\/index.php\\\/2020\\\/04\\\/22\\\/confinement-et-site-en-marche\\\/#breadcrumb\"},\"inLanguage\":\"fr-FR\",\"potentialAction\":[{\"@type\":\"ReadAction\",\"target\":[\"https:\\\/\\\/s2a-photos.fr\\\/index.php\\\/2020\\\/04\\\/22\\\/confinement-et-site-en-marche\\\/\"]}]},{\"@type\":\"ImageObject\",\"inLanguage\":\"fr-FR\",\"@id\":\"https:\\\/\\\/s2a-photos.fr\\\/index.php\\\/2020\\\/04\\\/22\\\/confinement-et-site-en-marche\\\/#primaryimage\",\"url\":\"https:\\\/\\\/s2a-photos.fr\\\/wp-content\\\/uploads\\\/2020\\\/05\\\/Capture-1-300x139.jpg\",\"contentUrl\":\"https:\\\/\\\/s2a-photos.fr\\\/wp-content\\\/uploads\\\/2020\\\/05\\\/Capture-1-300x139.jpg\"},{\"@type\":\"BreadcrumbList\",\"@id\":\"https:\\\/\\\/s2a-photos.fr\\\/index.php\\\/2020\\\/04\\\/22\\\/confinement-et-site-en-marche\\\/#breadcrumb\",\"itemListElement\":[{\"@type\":\"ListItem\",\"position\":1,\"name\":\"Accueil\",\"item\":\"https:\\\/\\\/s2a-photos.fr\\\/\"},{\"@type\":\"ListItem\",\"position\":2,\"name\":\"confinement et site en marche\"}]},{\"@type\":\"WebSite\",\"@id\":\"https:\\\/\\\/s2a-photos.fr\\\/#website\",\"url\":\"https:\\\/\\\/s2a-photos.fr\\\/\",\"name\":\"S2a-photos.fr\",\"description\":\"votre photographe et bien plus !\",\"publisher\":{\"@id\":\"https:\\\/\\\/s2a-photos.fr\\\/#organization\"},\"alternateName\":\"s2aphotos\",\"potentialAction\":[{\"@type\":\"SearchAction\",\"target\":{\"@type\":\"EntryPoint\",\"urlTemplate\":\"https:\\\/\\\/s2a-photos.fr\\\/?s={search_term_string}\"},\"query-input\":{\"@type\":\"PropertyValueSpecification\",\"valueRequired\":true,\"valueName\":\"search_term_string\"}}],\"inLanguage\":\"fr-FR\"},{\"@type\":\"Organization\",\"@id\":\"https:\\\/\\\/s2a-photos.fr\\\/#organization\",\"name\":\"s2a-photos.fr\",\"alternateName\":\"sebastien sechinffon\",\"url\":\"https:\\\/\\\/s2a-photos.fr\\\/\",\"logo\":{\"@type\":\"ImageObject\",\"inLanguage\":\"fr-FR\",\"@id\":\"https:\\\/\\\/s2a-photos.fr\\\/#\\\/schema\\\/logo\\\/image\\\/\",\"url\":\"https:\\\/\\\/s2a-photos.fr\\\/wp-content\\\/uploads\\\/2020\\\/06\\\/S2a-photos-Noir-fond-blanc-carr\u00e9.png\",\"contentUrl\":\"https:\\\/\\\/s2a-photos.fr\\\/wp-content\\\/uploads\\\/2020\\\/06\\\/S2a-photos-Noir-fond-blanc-carr\u00e9.png\",\"width\":1240,\"height\":1240,\"caption\":\"s2a-photos.fr\"},\"image\":{\"@id\":\"https:\\\/\\\/s2a-photos.fr\\\/#\\\/schema\\\/logo\\\/image\\\/\"},\"sameAs\":[\"https:\\\/\\\/www.facebook.com\\\/S2aphoto\\\/\",\"https:\\\/\\\/x.com\\\/S2aPhotos\",\"https:\\\/\\\/www.instagram.com\\\/s2a_photos\\\/\",\"https:\\\/\\\/www.linkedin.com\\\/company\\\/s2a-photos\\\/\",\"https:\\\/\\\/www.pinterest.fr\\\/S2aphotos\",\"https:\\\/\\\/www.youtube.com\\\/channel\\\/UC_Oqi-Vvln3XzZWCcEPTbYg\"]},{\"@type\":\"Person\",\"@id\":\"https:\\\/\\\/s2a-photos.fr\\\/#\\\/schema\\\/person\\\/5f3fa1b5dd9da6bf7087272f56b84276\",\"name\":\"Seb\",\"image\":{\"@type\":\"ImageObject\",\"inLanguage\":\"fr-FR\",\"@id\":\"https:\\\/\\\/secure.gravatar.com\\\/avatar\\\/1c0243dc2817b405400d6fc936c1eb35d7f2c6da37e49ea823bacd51e6fac26a?s=96&d=mm&r=g\",\"url\":\"https:\\\/\\\/secure.gravatar.com\\\/avatar\\\/1c0243dc2817b405400d6fc936c1eb35d7f2c6da37e49ea823bacd51e6fac26a?s=96&d=mm&r=g\",\"contentUrl\":\"https:\\\/\\\/secure.gravatar.com\\\/avatar\\\/1c0243dc2817b405400d6fc936c1eb35d7f2c6da37e49ea823bacd51e6fac26a?s=96&d=mm&r=g\",\"caption\":\"Seb\"},\"sameAs\":[\"https:\\\/\\\/s2a-photos.fr\"]}]}<\/script>\n<!-- \/ Yoast SEO plugin. -->","yoast_head_json":{"title":"confinement et site en marche : d\u00e9couvrez nos offres","description":"notre nouveau site est en fonction, venez vite d\u00e9couvrir nos offres ! de la photographie de Mariage au portrait ou pour votre entreprise","robots":{"index":"index","follow":"follow","max-snippet":"max-snippet:-1","max-image-preview":"max-image-preview:large","max-video-preview":"max-video-preview:-1"},"canonical":"https:\/\/s2a-photos.fr\/index.php\/2020\/04\/22\/confinement-et-site-en-marche\/","og_locale":"fr_FR","og_type":"article","og_title":"confinement et site en marche : d\u00e9couvrez nos offres","og_description":"notre nouveau site est en fonction, venez vite d\u00e9couvrir nos offres ! de la photographie de Mariage au portrait ou pour votre entreprise","og_url":"https:\/\/s2a-photos.fr\/index.php\/2020\/04\/22\/confinement-et-site-en-marche\/","og_site_name":"S2a-photos.fr","article_publisher":"https:\/\/www.facebook.com\/S2aphoto\/","article_published_time":"2020-04-22T16:00:17+00:00","article_modified_time":"2020-11-20T18:11:13+00:00","og_image":[{"url":"https:\/\/s2a-photos.fr\/wp-content\/uploads\/2020\/05\/Capture-1-300x139.jpg","type":"","width":"","height":""}],"author":"Seb","twitter_card":"summary_large_image","twitter_creator":"@S2aPhotos","twitter_site":"@S2aPhotos","twitter_misc":{"\u00c9crit par":"Seb","Dur\u00e9e de lecture estim\u00e9e":"1 minute"},"schema":{"@context":"https:\/\/schema.org","@graph":[{"@type":"Article","@id":"https:\/\/s2a-photos.fr\/index.php\/2020\/04\/22\/confinement-et-site-en-marche\/#article","isPartOf":{"@id":"https:\/\/s2a-photos.fr\/index.php\/2020\/04\/22\/confinement-et-site-en-marche\/"},"author":{"name":"Seb","@id":"https:\/\/s2a-photos.fr\/#\/schema\/person\/5f3fa1b5dd9da6bf7087272f56b84276"},"headline":"confinement et site en marche","datePublished":"2020-04-22T16:00:17+00:00","dateModified":"2020-11-20T18:11:13+00:00","mainEntityOfPage":{"@id":"https:\/\/s2a-photos.fr\/index.php\/2020\/04\/22\/confinement-et-site-en-marche\/"},"wordCount":166,"commentCount":0,"publisher":{"@id":"https:\/\/s2a-photos.fr\/#organization"},"image":{"@id":"https:\/\/s2a-photos.fr\/index.php\/2020\/04\/22\/confinement-et-site-en-marche\/#primaryimage"},"thumbnailUrl":"https:\/\/s2a-photos.fr\/wp-content\/uploads\/2020\/05\/Capture-1-300x139.jpg","articleSection":["Vie du site"],"inLanguage":"fr-FR","potentialAction":[{"@type":"CommentAction","name":"Comment","target":["https:\/\/s2a-photos.fr\/index.php\/2020\/04\/22\/confinement-et-site-en-marche\/#respond"]}]},{"@type":"WebPage","@id":"https:\/\/s2a-photos.fr\/index.php\/2020\/04\/22\/confinement-et-site-en-marche\/","url":"https:\/\/s2a-photos.fr\/index.php\/2020\/04\/22\/confinement-et-site-en-marche\/","name":"confinement et site en marche : d\u00e9couvrez nos offres","isPartOf":{"@id":"https:\/\/s2a-photos.fr\/#website"},"primaryImageOfPage":{"@id":"https:\/\/s2a-photos.fr\/index.php\/2020\/04\/22\/confinement-et-site-en-marche\/#primaryimage"},"image":{"@id":"https:\/\/s2a-photos.fr\/index.php\/2020\/04\/22\/confinement-et-site-en-marche\/#primaryimage"},"thumbnailUrl":"https:\/\/s2a-photos.fr\/wp-content\/uploads\/2020\/05\/Capture-1-300x139.jpg","datePublished":"2020-04-22T16:00:17+00:00","dateModified":"2020-11-20T18:11:13+00:00","description":"notre nouveau site est en fonction, venez vite d\u00e9couvrir nos offres ! de la photographie de Mariage au portrait ou pour votre entreprise","breadcrumb":{"@id":"https:\/\/s2a-photos.fr\/index.php\/2020\/04\/22\/confinement-et-site-en-marche\/#breadcrumb"},"inLanguage":"fr-FR","potentialAction":[{"@type":"ReadAction","target":["https:\/\/s2a-photos.fr\/index.php\/2020\/04\/22\/confinement-et-site-en-marche\/"]}]},{"@type":"ImageObject","inLanguage":"fr-FR","@id":"https:\/\/s2a-photos.fr\/index.php\/2020\/04\/22\/confinement-et-site-en-marche\/#primaryimage","url":"https:\/\/s2a-photos.fr\/wp-content\/uploads\/2020\/05\/Capture-1-300x139.jpg","contentUrl":"https:\/\/s2a-photos.fr\/wp-content\/uploads\/2020\/05\/Capture-1-300x139.jpg"},{"@type":"BreadcrumbList","@id":"https:\/\/s2a-photos.fr\/index.php\/2020\/04\/22\/confinement-et-site-en-marche\/#breadcrumb","itemListElement":[{"@type":"ListItem","position":1,"name":"Accueil","item":"https:\/\/s2a-photos.fr\/"},{"@type":"ListItem","position":2,"name":"confinement et site en marche"}]},{"@type":"WebSite","@id":"https:\/\/s2a-photos.fr\/#website","url":"https:\/\/s2a-photos.fr\/","name":"S2a-photos.fr","description":"votre photographe et bien plus !","publisher":{"@id":"https:\/\/s2a-photos.fr\/#organization"},"alternateName":"s2aphotos","potentialAction":[{"@type":"SearchAction","target":{"@type":"EntryPoint","urlTemplate":"https:\/\/s2a-photos.fr\/?s={search_term_string}"},"query-input":{"@type":"PropertyValueSpecification","valueRequired":true,"valueName":"search_term_string"}}],"inLanguage":"fr-FR"},{"@type":"Organization","@id":"https:\/\/s2a-photos.fr\/#organization","name":"s2a-photos.fr","alternateName":"sebastien sechinffon","url":"https:\/\/s2a-photos.fr\/","logo":{"@type":"ImageObject","inLanguage":"fr-FR","@id":"https:\/\/s2a-photos.fr\/#\/schema\/logo\/image\/","url":"https:\/\/s2a-photos.fr\/wp-content\/uploads\/2020\/06\/S2a-photos-Noir-fond-blanc-carr\u00e9.png","contentUrl":"https:\/\/s2a-photos.fr\/wp-content\/uploads\/2020\/06\/S2a-photos-Noir-fond-blanc-carr\u00e9.png","width":1240,"height":1240,"caption":"s2a-photos.fr"},"image":{"@id":"https:\/\/s2a-photos.fr\/#\/schema\/logo\/image\/"},"sameAs":["https:\/\/www.facebook.com\/S2aphoto\/","https:\/\/x.com\/S2aPhotos","https:\/\/www.instagram.com\/s2a_photos\/","https:\/\/www.linkedin.com\/company\/s2a-photos\/","https:\/\/www.pinterest.fr\/S2aphotos","https:\/\/www.youtube.com\/channel\/UC_Oqi-Vvln3XzZWCcEPTbYg"]},{"@type":"Person","@id":"https:\/\/s2a-photos.fr\/#\/schema\/person\/5f3fa1b5dd9da6bf7087272f56b84276","name":"Seb","image":{"@type":"ImageObject","inLanguage":"fr-FR","@id":"https:\/\/secure.gravatar.com\/avatar\/1c0243dc2817b405400d6fc936c1eb35d7f2c6da37e49ea823bacd51e6fac26a?s=96&d=mm&r=g","url":"https:\/\/secure.gravatar.com\/avatar\/1c0243dc2817b405400d6fc936c1eb35d7f2c6da37e49ea823bacd51e6fac26a?s=96&d=mm&r=g","contentUrl":"https:\/\/secure.gravatar.com\/avatar\/1c0243dc2817b405400d6fc936c1eb35d7f2c6da37e49ea823bacd51e6fac26a?s=96&d=mm&r=g","caption":"Seb"},"sameAs":["https:\/\/s2a-photos.fr"]}]}},"_links":{"self":[{"href":"https:\/\/s2a-photos.fr\/index.php\/wp-json\/wp\/v2\/posts\/31447","targetHints":{"allow":["GET"]}}],"collection":[{"href":"https:\/\/s2a-photos.fr\/index.php\/wp-json\/wp\/v2\/posts"}],"about":[{"href":"https:\/\/s2a-photos.fr\/index.php\/wp-json\/wp\/v2\/types\/post"}],"author":[{"embeddable":true,"href":"https:\/\/s2a-photos.fr\/index.php\/wp-json\/wp\/v2\/users\/3"}],"replies":[{"embeddable":true,"href":"https:\/\/s2a-photos.fr\/index.php\/wp-json\/wp\/v2\/comments?post=31447"}],"version-history":[{"count":1,"href":"https:\/\/s2a-photos.fr\/index.php\/wp-json\/wp\/v2\/posts\/31447\/revisions"}],"predecessor-version":[{"id":433089,"href":"https:\/\/s2a-photos.fr\/index.php\/wp-json\/wp\/v2\/posts\/31447\/revisions\/433089"}],"wp:attachment":[{"href":"https:\/\/s2a-photos.fr\/index.php\/wp-json\/wp\/v2\/media?parent=31447"}],"wp:term":[{"taxonomy":"category","embeddable":true,"href":"https:\/\/s2a-photos.fr\/index.php\/wp-json\/wp\/v2\/categories?post=31447"},{"taxonomy":"post_tag","embeddable":true,"href":"https:\/\/s2a-photos.fr\/index.php\/wp-json\/wp\/v2\/tags?post=31447"},{"taxonomy":"post_folder","embeddable":true,"href":"https:\/\/s2a-photos.fr\/index.php\/wp-json\/wp\/v2\/post_folder?post=31447"}],"curies":[{"name":"wp","href":"https:\/\/api.w.org\/{rel}","templated":true}]}}