{"id":108176,"date":"2020-05-28T21:48:39","date_gmt":"2020-05-28T19:48:39","guid":{"rendered":"https:\/\/s2a-photos.fr\/?p=108176"},"modified":"2020-05-28T21:56:37","modified_gmt":"2020-05-28T19:56:37","slug":"fetes-des-meres","status":"publish","type":"post","link":"https:\/\/s2a-photos.fr\/index.php\/2020\/05\/28\/fetes-des-meres\/","title":{"rendered":"F\u00eate des m\u00e8res"},"content":{"rendered":"\n\n[et_pb_section fb_built=&#8221;1&#8243; _builder_version=&#8221;4.4.7&#8243; min_height=&#8221;374px&#8221;][et_pb_row _builder_version=&#8221;4.4.3&#8243; custom_padding=&#8221;0px|||||&#8221;][et_pb_column type=&#8221;4_4&#8243; _builder_version=&#8221;4.4.3&#8243;][et_pb_text _builder_version=&#8221;4.4.7&#8243; text_font_size=&#8221;22px&#8221; text_line_height=&#8221;1.1em&#8221; text_orientation=&#8221;justified&#8221; width=&#8221;100%&#8221; max_width=&#8221;100%&#8221; hover_enabled=&#8221;0&#8243;]<p style=\"text-align: center;\"><img loading=\"lazy\" decoding=\"async\" src=\"https:\/\/s2a-photos.fr\/wp-content\/uploads\/2020\/05\/bon-cadeau-300x213.jpg\" alt=\"\" class=\"wp-image-108241 alignnone size-medium\" width=\"644\" height=\"457\" \/><\/p>\n<p>Alors les amis, vous avez pr\u00e9vu quoi pour la f\u00eates des m\u00e8res ? Vous ne trouvez pas ? Et si vous offriez un shooting \u00e0 votre maman ?<\/p>\n<p>Je vous propose plusieurs forfaits en studio\u00a0 ou en ext\u00e9rieur, de quoi laisser un souvenir unique.<\/p>\n<p>&nbsp;<\/p>\n<p>N&#8217;h\u00e9sitez pas \u00e0 me contacter . Moment inoubliable garanti !<\/p>\n<p>&nbsp;<\/p>\n<p>&nbsp;<\/p>\n[\/et_pb_text][\/et_pb_column][\/et_pb_row][\/et_pb_section]\n\n","protected":false},"excerpt":{"rendered":"<p>Alors les amis, vous avez pr\u00e9vu quoi pour la f\u00eates des m\u00e8res ? Vous ne trouvez pas ? Et si vous offriez un shooting \u00e0 votre maman ? Je vous propose plusieurs forfaits en studio\u00a0 ou en ext\u00e9rieur, de quoi laisser un souvenir unique. &nbsp; N&#8217;h\u00e9sitez pas \u00e0 me contacter . Moment inoubliable garanti ! [&hellip;]<\/p>\n","protected":false},"author":3,"featured_media":0,"comment_status":"open","ping_status":"closed","sticky":false,"template":"","format":"standard","meta":{"_et_pb_use_builder":"on","_et_pb_old_content":"","_et_gb_content_width":"","footnotes":""},"categories":[1],"tags":[],"post_folder":[],"class_list":["post-108176","post","type-post","status-publish","format-standard","hentry","category-non-classe"],"yoast_head":"<!-- This site is optimized with the Yoast SEO plugin v27.4 - https:\/\/yoast.com\/product\/yoast-seo-wordpress\/ -->\n<title>F\u00eate des m\u00e8res | S2a-photos.fr | Montpellier<\/title>\n<meta name=\"description\" content=\"photographe | photographie de mariage | t\u00e9l\u00e9pilote de drone | photo | corporate | photographe montpellier | portrait | casting |pola | photos de studio\" \/>\n<meta name=\"robots\" content=\"index, follow, max-snippet:-1, max-image-preview:large, max-video-preview:-1\" \/>\n<link rel=\"canonical\" href=\"https:\/\/s2a-photos.fr\/index.php\/2020\/05\/28\/fetes-des-meres\/\" \/>\n<meta property=\"og:locale\" content=\"fr_FR\" \/>\n<meta property=\"og:type\" content=\"article\" \/>\n<meta property=\"og:title\" content=\"Pour la f\u00eate des m\u00e8res\" \/>\n<meta property=\"og:description\" content=\"et si cette ann\u00e9e votre cadeau \u00e9tait diff\u00e9rent ?\" \/>\n<meta property=\"og:url\" content=\"https:\/\/s2a-photos.fr\/index.php\/2020\/05\/28\/fetes-des-meres\/\" \/>\n<meta property=\"og:site_name\" content=\"S2a-photos.fr\" \/>\n<meta property=\"article:publisher\" content=\"https:\/\/www.facebook.com\/S2aphoto\/\" \/>\n<meta property=\"article:published_time\" content=\"2020-05-28T19:48:39+00:00\" \/>\n<meta property=\"article:modified_time\" content=\"2020-05-28T19:56:37+00:00\" \/>\n<meta property=\"og:image\" content=\"https:\/\/s2a-photos.fr\/wp-content\/uploads\/2020\/05\/bon-cadeau.jpg\" \/>\n\t<meta property=\"og:image:width\" content=\"1747\" \/>\n\t<meta property=\"og:image:height\" content=\"1240\" \/>\n\t<meta property=\"og:image:type\" content=\"image\/jpeg\" \/>\n<meta name=\"author\" content=\"Seb\" \/>\n<meta name=\"twitter:card\" content=\"summary_large_image\" \/>\n<meta name=\"twitter:creator\" content=\"@S2aPhotos\" \/>\n<meta name=\"twitter:site\" content=\"@S2aPhotos\" \/>\n<meta name=\"twitter:label1\" content=\"\u00c9crit par\" \/>\n\t<meta name=\"twitter:data1\" content=\"Seb\" \/>\n\t<meta name=\"twitter:label2\" content=\"Dur\u00e9e de lecture estim\u00e9e\" \/>\n\t<meta name=\"twitter:data2\" content=\"1 minute\" \/>\n<script type=\"application\/ld+json\" class=\"yoast-schema-graph\">{\"@context\":\"https:\\\/\\\/schema.org\",\"@graph\":[{\"@type\":\"Article\",\"@id\":\"https:\\\/\\\/s2a-photos.fr\\\/index.php\\\/2020\\\/05\\\/28\\\/fetes-des-meres\\\/#article\",\"isPartOf\":{\"@id\":\"https:\\\/\\\/s2a-photos.fr\\\/index.php\\\/2020\\\/05\\\/28\\\/fetes-des-meres\\\/\"},\"author\":{\"name\":\"Seb\",\"@id\":\"https:\\\/\\\/s2a-photos.fr\\\/#\\\/schema\\\/person\\\/5f3fa1b5dd9da6bf7087272f56b84276\"},\"headline\":\"F\u00eate des m\u00e8res\",\"datePublished\":\"2020-05-28T19:48:39+00:00\",\"dateModified\":\"2020-05-28T19:56:37+00:00\",\"mainEntityOfPage\":{\"@id\":\"https:\\\/\\\/s2a-photos.fr\\\/index.php\\\/2020\\\/05\\\/28\\\/fetes-des-meres\\\/\"},\"wordCount\":117,\"commentCount\":0,\"publisher\":{\"@id\":\"https:\\\/\\\/s2a-photos.fr\\\/#organization\"},\"image\":{\"@id\":\"https:\\\/\\\/s2a-photos.fr\\\/index.php\\\/2020\\\/05\\\/28\\\/fetes-des-meres\\\/#primaryimage\"},\"thumbnailUrl\":\"https:\\\/\\\/s2a-photos.fr\\\/wp-content\\\/uploads\\\/2020\\\/05\\\/bon-cadeau-300x213.jpg\",\"inLanguage\":\"fr-FR\",\"potentialAction\":[{\"@type\":\"CommentAction\",\"name\":\"Comment\",\"target\":[\"https:\\\/\\\/s2a-photos.fr\\\/index.php\\\/2020\\\/05\\\/28\\\/fetes-des-meres\\\/#respond\"]}]},{\"@type\":\"WebPage\",\"@id\":\"https:\\\/\\\/s2a-photos.fr\\\/index.php\\\/2020\\\/05\\\/28\\\/fetes-des-meres\\\/\",\"url\":\"https:\\\/\\\/s2a-photos.fr\\\/index.php\\\/2020\\\/05\\\/28\\\/fetes-des-meres\\\/\",\"name\":\"F\u00eate des m\u00e8res | S2a-photos.fr | Montpellier\",\"isPartOf\":{\"@id\":\"https:\\\/\\\/s2a-photos.fr\\\/#website\"},\"primaryImageOfPage\":{\"@id\":\"https:\\\/\\\/s2a-photos.fr\\\/index.php\\\/2020\\\/05\\\/28\\\/fetes-des-meres\\\/#primaryimage\"},\"image\":{\"@id\":\"https:\\\/\\\/s2a-photos.fr\\\/index.php\\\/2020\\\/05\\\/28\\\/fetes-des-meres\\\/#primaryimage\"},\"thumbnailUrl\":\"https:\\\/\\\/s2a-photos.fr\\\/wp-content\\\/uploads\\\/2020\\\/05\\\/bon-cadeau-300x213.jpg\",\"datePublished\":\"2020-05-28T19:48:39+00:00\",\"dateModified\":\"2020-05-28T19:56:37+00:00\",\"description\":\"photographe | photographie de mariage | t\u00e9l\u00e9pilote de drone | photo | corporate | photographe montpellier | portrait | casting |pola | photos de studio\",\"breadcrumb\":{\"@id\":\"https:\\\/\\\/s2a-photos.fr\\\/index.php\\\/2020\\\/05\\\/28\\\/fetes-des-meres\\\/#breadcrumb\"},\"inLanguage\":\"fr-FR\",\"potentialAction\":[{\"@type\":\"ReadAction\",\"target\":[\"https:\\\/\\\/s2a-photos.fr\\\/index.php\\\/2020\\\/05\\\/28\\\/fetes-des-meres\\\/\"]}]},{\"@type\":\"ImageObject\",\"inLanguage\":\"fr-FR\",\"@id\":\"https:\\\/\\\/s2a-photos.fr\\\/index.php\\\/2020\\\/05\\\/28\\\/fetes-des-meres\\\/#primaryimage\",\"url\":\"https:\\\/\\\/s2a-photos.fr\\\/wp-content\\\/uploads\\\/2020\\\/05\\\/bon-cadeau.jpg\",\"contentUrl\":\"https:\\\/\\\/s2a-photos.fr\\\/wp-content\\\/uploads\\\/2020\\\/05\\\/bon-cadeau.jpg\",\"width\":1747,\"height\":1240},{\"@type\":\"BreadcrumbList\",\"@id\":\"https:\\\/\\\/s2a-photos.fr\\\/index.php\\\/2020\\\/05\\\/28\\\/fetes-des-meres\\\/#breadcrumb\",\"itemListElement\":[{\"@type\":\"ListItem\",\"position\":1,\"name\":\"Accueil\",\"item\":\"https:\\\/\\\/s2a-photos.fr\\\/\"},{\"@type\":\"ListItem\",\"position\":2,\"name\":\"F\u00eate des m\u00e8res\"}]},{\"@type\":\"WebSite\",\"@id\":\"https:\\\/\\\/s2a-photos.fr\\\/#website\",\"url\":\"https:\\\/\\\/s2a-photos.fr\\\/\",\"name\":\"S2a-photos.fr\",\"description\":\"votre photographe et bien plus !\",\"publisher\":{\"@id\":\"https:\\\/\\\/s2a-photos.fr\\\/#organization\"},\"alternateName\":\"s2aphotos\",\"potentialAction\":[{\"@type\":\"SearchAction\",\"target\":{\"@type\":\"EntryPoint\",\"urlTemplate\":\"https:\\\/\\\/s2a-photos.fr\\\/?s={search_term_string}\"},\"query-input\":{\"@type\":\"PropertyValueSpecification\",\"valueRequired\":true,\"valueName\":\"search_term_string\"}}],\"inLanguage\":\"fr-FR\"},{\"@type\":\"Organization\",\"@id\":\"https:\\\/\\\/s2a-photos.fr\\\/#organization\",\"name\":\"s2a-photos.fr\",\"alternateName\":\"sebastien sechinffon\",\"url\":\"https:\\\/\\\/s2a-photos.fr\\\/\",\"logo\":{\"@type\":\"ImageObject\",\"inLanguage\":\"fr-FR\",\"@id\":\"https:\\\/\\\/s2a-photos.fr\\\/#\\\/schema\\\/logo\\\/image\\\/\",\"url\":\"https:\\\/\\\/s2a-photos.fr\\\/wp-content\\\/uploads\\\/2020\\\/06\\\/S2a-photos-Noir-fond-blanc-carr\u00e9.png\",\"contentUrl\":\"https:\\\/\\\/s2a-photos.fr\\\/wp-content\\\/uploads\\\/2020\\\/06\\\/S2a-photos-Noir-fond-blanc-carr\u00e9.png\",\"width\":1240,\"height\":1240,\"caption\":\"s2a-photos.fr\"},\"image\":{\"@id\":\"https:\\\/\\\/s2a-photos.fr\\\/#\\\/schema\\\/logo\\\/image\\\/\"},\"sameAs\":[\"https:\\\/\\\/www.facebook.com\\\/S2aphoto\\\/\",\"https:\\\/\\\/x.com\\\/S2aPhotos\",\"https:\\\/\\\/www.instagram.com\\\/s2a_photos\\\/\",\"https:\\\/\\\/www.linkedin.com\\\/company\\\/s2a-photos\\\/\",\"https:\\\/\\\/www.pinterest.fr\\\/S2aphotos\",\"https:\\\/\\\/www.youtube.com\\\/channel\\\/UC_Oqi-Vvln3XzZWCcEPTbYg\"]},{\"@type\":\"Person\",\"@id\":\"https:\\\/\\\/s2a-photos.fr\\\/#\\\/schema\\\/person\\\/5f3fa1b5dd9da6bf7087272f56b84276\",\"name\":\"Seb\",\"image\":{\"@type\":\"ImageObject\",\"inLanguage\":\"fr-FR\",\"@id\":\"https:\\\/\\\/secure.gravatar.com\\\/avatar\\\/1c0243dc2817b405400d6fc936c1eb35d7f2c6da37e49ea823bacd51e6fac26a?s=96&d=mm&r=g\",\"url\":\"https:\\\/\\\/secure.gravatar.com\\\/avatar\\\/1c0243dc2817b405400d6fc936c1eb35d7f2c6da37e49ea823bacd51e6fac26a?s=96&d=mm&r=g\",\"contentUrl\":\"https:\\\/\\\/secure.gravatar.com\\\/avatar\\\/1c0243dc2817b405400d6fc936c1eb35d7f2c6da37e49ea823bacd51e6fac26a?s=96&d=mm&r=g\",\"caption\":\"Seb\"},\"sameAs\":[\"https:\\\/\\\/s2a-photos.fr\"]}]}<\/script>\n<!-- \/ Yoast SEO plugin. -->","yoast_head_json":{"title":"F\u00eate des m\u00e8res | S2a-photos.fr | Montpellier","description":"photographe | photographie de mariage | t\u00e9l\u00e9pilote de drone | photo | corporate | photographe montpellier | portrait | casting |pola | photos de studio","robots":{"index":"index","follow":"follow","max-snippet":"max-snippet:-1","max-image-preview":"max-image-preview:large","max-video-preview":"max-video-preview:-1"},"canonical":"https:\/\/s2a-photos.fr\/index.php\/2020\/05\/28\/fetes-des-meres\/","og_locale":"fr_FR","og_type":"article","og_title":"Pour la f\u00eate des m\u00e8res","og_description":"et si cette ann\u00e9e votre cadeau \u00e9tait diff\u00e9rent ?","og_url":"https:\/\/s2a-photos.fr\/index.php\/2020\/05\/28\/fetes-des-meres\/","og_site_name":"S2a-photos.fr","article_publisher":"https:\/\/www.facebook.com\/S2aphoto\/","article_published_time":"2020-05-28T19:48:39+00:00","article_modified_time":"2020-05-28T19:56:37+00:00","og_image":[{"width":1747,"height":1240,"url":"https:\/\/s2a-photos.fr\/wp-content\/uploads\/2020\/05\/bon-cadeau.jpg","type":"image\/jpeg"}],"author":"Seb","twitter_card":"summary_large_image","twitter_creator":"@S2aPhotos","twitter_site":"@S2aPhotos","twitter_misc":{"\u00c9crit par":"Seb","Dur\u00e9e de lecture estim\u00e9e":"1 minute"},"schema":{"@context":"https:\/\/schema.org","@graph":[{"@type":"Article","@id":"https:\/\/s2a-photos.fr\/index.php\/2020\/05\/28\/fetes-des-meres\/#article","isPartOf":{"@id":"https:\/\/s2a-photos.fr\/index.php\/2020\/05\/28\/fetes-des-meres\/"},"author":{"name":"Seb","@id":"https:\/\/s2a-photos.fr\/#\/schema\/person\/5f3fa1b5dd9da6bf7087272f56b84276"},"headline":"F\u00eate des m\u00e8res","datePublished":"2020-05-28T19:48:39+00:00","dateModified":"2020-05-28T19:56:37+00:00","mainEntityOfPage":{"@id":"https:\/\/s2a-photos.fr\/index.php\/2020\/05\/28\/fetes-des-meres\/"},"wordCount":117,"commentCount":0,"publisher":{"@id":"https:\/\/s2a-photos.fr\/#organization"},"image":{"@id":"https:\/\/s2a-photos.fr\/index.php\/2020\/05\/28\/fetes-des-meres\/#primaryimage"},"thumbnailUrl":"https:\/\/s2a-photos.fr\/wp-content\/uploads\/2020\/05\/bon-cadeau-300x213.jpg","inLanguage":"fr-FR","potentialAction":[{"@type":"CommentAction","name":"Comment","target":["https:\/\/s2a-photos.fr\/index.php\/2020\/05\/28\/fetes-des-meres\/#respond"]}]},{"@type":"WebPage","@id":"https:\/\/s2a-photos.fr\/index.php\/2020\/05\/28\/fetes-des-meres\/","url":"https:\/\/s2a-photos.fr\/index.php\/2020\/05\/28\/fetes-des-meres\/","name":"F\u00eate des m\u00e8res | S2a-photos.fr | Montpellier","isPartOf":{"@id":"https:\/\/s2a-photos.fr\/#website"},"primaryImageOfPage":{"@id":"https:\/\/s2a-photos.fr\/index.php\/2020\/05\/28\/fetes-des-meres\/#primaryimage"},"image":{"@id":"https:\/\/s2a-photos.fr\/index.php\/2020\/05\/28\/fetes-des-meres\/#primaryimage"},"thumbnailUrl":"https:\/\/s2a-photos.fr\/wp-content\/uploads\/2020\/05\/bon-cadeau-300x213.jpg","datePublished":"2020-05-28T19:48:39+00:00","dateModified":"2020-05-28T19:56:37+00:00","description":"photographe | photographie de mariage | t\u00e9l\u00e9pilote de drone | photo | corporate | photographe montpellier | portrait | casting |pola | photos de studio","breadcrumb":{"@id":"https:\/\/s2a-photos.fr\/index.php\/2020\/05\/28\/fetes-des-meres\/#breadcrumb"},"inLanguage":"fr-FR","potentialAction":[{"@type":"ReadAction","target":["https:\/\/s2a-photos.fr\/index.php\/2020\/05\/28\/fetes-des-meres\/"]}]},{"@type":"ImageObject","inLanguage":"fr-FR","@id":"https:\/\/s2a-photos.fr\/index.php\/2020\/05\/28\/fetes-des-meres\/#primaryimage","url":"https:\/\/s2a-photos.fr\/wp-content\/uploads\/2020\/05\/bon-cadeau.jpg","contentUrl":"https:\/\/s2a-photos.fr\/wp-content\/uploads\/2020\/05\/bon-cadeau.jpg","width":1747,"height":1240},{"@type":"BreadcrumbList","@id":"https:\/\/s2a-photos.fr\/index.php\/2020\/05\/28\/fetes-des-meres\/#breadcrumb","itemListElement":[{"@type":"ListItem","position":1,"name":"Accueil","item":"https:\/\/s2a-photos.fr\/"},{"@type":"ListItem","position":2,"name":"F\u00eate des m\u00e8res"}]},{"@type":"WebSite","@id":"https:\/\/s2a-photos.fr\/#website","url":"https:\/\/s2a-photos.fr\/","name":"S2a-photos.fr","description":"votre photographe et bien plus !","publisher":{"@id":"https:\/\/s2a-photos.fr\/#organization"},"alternateName":"s2aphotos","potentialAction":[{"@type":"SearchAction","target":{"@type":"EntryPoint","urlTemplate":"https:\/\/s2a-photos.fr\/?s={search_term_string}"},"query-input":{"@type":"PropertyValueSpecification","valueRequired":true,"valueName":"search_term_string"}}],"inLanguage":"fr-FR"},{"@type":"Organization","@id":"https:\/\/s2a-photos.fr\/#organization","name":"s2a-photos.fr","alternateName":"sebastien sechinffon","url":"https:\/\/s2a-photos.fr\/","logo":{"@type":"ImageObject","inLanguage":"fr-FR","@id":"https:\/\/s2a-photos.fr\/#\/schema\/logo\/image\/","url":"https:\/\/s2a-photos.fr\/wp-content\/uploads\/2020\/06\/S2a-photos-Noir-fond-blanc-carr\u00e9.png","contentUrl":"https:\/\/s2a-photos.fr\/wp-content\/uploads\/2020\/06\/S2a-photos-Noir-fond-blanc-carr\u00e9.png","width":1240,"height":1240,"caption":"s2a-photos.fr"},"image":{"@id":"https:\/\/s2a-photos.fr\/#\/schema\/logo\/image\/"},"sameAs":["https:\/\/www.facebook.com\/S2aphoto\/","https:\/\/x.com\/S2aPhotos","https:\/\/www.instagram.com\/s2a_photos\/","https:\/\/www.linkedin.com\/company\/s2a-photos\/","https:\/\/www.pinterest.fr\/S2aphotos","https:\/\/www.youtube.com\/channel\/UC_Oqi-Vvln3XzZWCcEPTbYg"]},{"@type":"Person","@id":"https:\/\/s2a-photos.fr\/#\/schema\/person\/5f3fa1b5dd9da6bf7087272f56b84276","name":"Seb","image":{"@type":"ImageObject","inLanguage":"fr-FR","@id":"https:\/\/secure.gravatar.com\/avatar\/1c0243dc2817b405400d6fc936c1eb35d7f2c6da37e49ea823bacd51e6fac26a?s=96&d=mm&r=g","url":"https:\/\/secure.gravatar.com\/avatar\/1c0243dc2817b405400d6fc936c1eb35d7f2c6da37e49ea823bacd51e6fac26a?s=96&d=mm&r=g","contentUrl":"https:\/\/secure.gravatar.com\/avatar\/1c0243dc2817b405400d6fc936c1eb35d7f2c6da37e49ea823bacd51e6fac26a?s=96&d=mm&r=g","caption":"Seb"},"sameAs":["https:\/\/s2a-photos.fr"]}]}},"_links":{"self":[{"href":"https:\/\/s2a-photos.fr\/index.php\/wp-json\/wp\/v2\/posts\/108176","targetHints":{"allow":["GET"]}}],"collection":[{"href":"https:\/\/s2a-photos.fr\/index.php\/wp-json\/wp\/v2\/posts"}],"about":[{"href":"https:\/\/s2a-photos.fr\/index.php\/wp-json\/wp\/v2\/types\/post"}],"author":[{"embeddable":true,"href":"https:\/\/s2a-photos.fr\/index.php\/wp-json\/wp\/v2\/users\/3"}],"replies":[{"embeddable":true,"href":"https:\/\/s2a-photos.fr\/index.php\/wp-json\/wp\/v2\/comments?post=108176"}],"version-history":[{"count":0,"href":"https:\/\/s2a-photos.fr\/index.php\/wp-json\/wp\/v2\/posts\/108176\/revisions"}],"wp:attachment":[{"href":"https:\/\/s2a-photos.fr\/index.php\/wp-json\/wp\/v2\/media?parent=108176"}],"wp:term":[{"taxonomy":"category","embeddable":true,"href":"https:\/\/s2a-photos.fr\/index.php\/wp-json\/wp\/v2\/categories?post=108176"},{"taxonomy":"post_tag","embeddable":true,"href":"https:\/\/s2a-photos.fr\/index.php\/wp-json\/wp\/v2\/tags?post=108176"},{"taxonomy":"post_folder","embeddable":true,"href":"https:\/\/s2a-photos.fr\/index.php\/wp-json\/wp\/v2\/post_folder?post=108176"}],"curies":[{"name":"wp","href":"https:\/\/api.w.org\/{rel}","templated":true}]}}